{"id":11596,"date":"2016-11-25T00:00:00","date_gmt":"2016-11-24T23:00:00","guid":{"rendered":"https:\/\/libinst.detail-digital.ch\/news\/intervista-con-vit-jedlicka-fondatore-di-liberland\/"},"modified":"2016-11-25T00:00:00","modified_gmt":"2016-11-24T23:00:00","slug":"intervista-con-vit-jedlicka-fondatore-di-liberland","status":"publish","type":"news","link":"https:\/\/www.libinst.ch\/it\/attualita\/intervista-con-vit-jedlicka-fondatore-di-liberland\/","title":{"rendered":"Un incontro con Vit Jedlicka"},"content":{"rendered":"<p>Si \u00e8 soliti credere che il liberalismo possa affermarsi politicamente attraverso un cambiamento interno al sistema: attraverso una riforma delle istituzioni esistenti.<\/p>\n<p>Cos\u00ec credeva anche Vit Jedlicka, che dopo aver tentato invano, e per anni, di riformare il sistema politico in Repubblica Ceca ha fondato Liberland, un microstato basato sul pieno rispetto della libert\u00e0 individuale situato tra la Serbia e la Croazia.<\/p>\n<p>Questo progetto sembra molto interessante in quanto apre a diverse sfide sul piano pratico e su quello teorico. In primo luogo, \u00e8 necessario chiedersi quali siano le possibilit\u00e0 per cui il Liberland venga riconosciuto da altri Stati. In secondo luogo, \u00e8 necessario chiedersi che influenza avr\u00e0 il caso Liberland nel dibattito sulla <em>governance<\/em>. \u00c8 da diverso tempo, infatti, che pensatori, politici ed imprenditori liberali tentano di riflettere su alternative realistiche allo Stato: si pensi ad esempio alle proposte relative alle citt\u00e0 private e allo <em>seasteading<\/em>, le quali rinviano direttamente al tema della concorrenza istituzionale, la quale \u00e8 considerata il vero motore del sistema svizzero.<\/p>\n<p>Per rispondere a tali interrogativi ci siamo rivolti direttamente al presidente di Liberland che, presente a Lugano il 20 novembre, ci ha concesso un&#8217;intervista.<\/p>\n<p><strong>Ci parli del Liberland, della sua storia e del suo futuro.<\/strong><\/p>\n<p>Abbiamo fondato il Liberland il 13 aprile 2015 e lo abbiamo fatto di proposito poich\u00e9 volevamo festeggiare il compleanno di Thomas Jefferson e rievocare globalmente lo spirito della Rivoluzione Americana. La ragione principale \u00e8, ovviamente, che gli Stati hanno troppe competenze e stanno regolamentando i propri cittadini in modo eccessivo, il che porta, naturalmente, ad una riduzione della prosperit\u00e0 e della felicit\u00e0 degli abitanti di questo pianeta. Credo che sia sempre una buona cosa che ci siano un numero maggiore di posti come il Lichtenstein, Hong Kong e Monaco; \u00e8 importante specialmente nei Balcani dove il tasso di disoccupazione \u00e8 alto e la prosperit\u00e0 economica \u00e8 ostacolata dallo Stato.<\/p>\n<p><strong>Si sente molto parlare del Liberland e del suo possibile riconoscimento. Come si svolge il processo?<\/strong><\/p>\n<p>Sono molto contento che abbiamo fatto dei grandissimi passi avanti non solo per fare in modo che il paese inizi a viaggiare, ma anche perch\u00e9 venga riconosciuto da altri paesi. Tutto si trova ancora in fase di preparazione, ma pu\u00f2 darsi che fra due settimane riceviate qualche importante notizia da parte nostra a questo proposito.<\/p>\n<p><strong>Ci dica qualcosa in pi\u00f9 sul ruolo dello Stato in Liberland.<\/strong><\/p>\n<p>Naturalmente, il ruolo dello Stato dovrebbe essere limitato e, per come la misero i fondatori degli Stati Uniti, non vi dovrebbe essere quasi alcuno stato. Vogliamo davvero che sia ridotto e che si concentri su tre aspetti: sicurezza, giustizia e diplomazia. Sostanzialmente, \u00e8 un modo decisamente miniarchico di organizzare le cose. Vogliamo poi andare oltre. Crediamo che la polizia possa essere organizzata attraverso un sistema nello stile di Uber, in cui la polizia sarebbe, in qualche modo, su richiesta e attraverso cui sarebbe molto facile diventare poliziotti e prendersi cura della propria zona. Pure la giustizia pu\u00f2 essere alquanto privatizzata. Sono molto contento che abbiamo i nostri primi mediatori che operano nella giurisdizione del Liberland. Di recente, abbiamo avuto un primo caso, che \u00e8 stato risolto da un mediatore del Liberland.<\/p>\n<p><strong>Secondo lei, come pu\u00f2 il caso Liberland influenzare il dibattito tra globalismo e giurisdizioni aperte e in concorrenza? Che soluzioni pu\u00f2 offrire?<\/strong><\/p>\n<p>Naturalmente, ci troviamo ad essere una spina nel fianco nei riguardi del governo globale. Vogliamo infatti creare diversi posti, che saranno in competizione fra loro. Certamente, l&#8217;idea principale \u00e8 che \u201cil potere corrompe e pi\u00f9 potere si ha, pi\u00f9 si \u00e8 corrotti\u201d. Questa \u00e8 una vecchia citazione di Lord Acton, che credo descriva molto bene il problema. Se ci fosse un governo globale, allora esso tenderebbe ad essere il governo pi\u00f9 corrotto che vi sia mai stato, e noi vogliamo evitare ci\u00f2. Noi vogliamo limitare il nostro governo e accertarsi che rimanga entro i propri limiti.<\/p>\n<p><strong>Qual \u00e8 la posizione del Liberland nei confronti degli accordi e delle organizzazioni internazionali?<\/strong><\/p>\n<p>Io credo che essa sia descritta molto bene dall&#8217;approccio di Thomas Jefferson nelle relazioni internazionali, secondo cui si deve essere amici di tutti, si deve commerciare con tutti, senza creare alleanze con nessuno, specialmente se di tipo politico o militare. Ciononostante, vogliamo far parte della EFTA, l&#8217;Associazione europea di libero scambio. Sfortunatamente, essa \u00e8 gi\u00e0 molto burocratizzata. Tuttavia, essa rimane l&#8217;organizzazione che pi\u00f9 si avvicina alle organizzazioni internazionali a cui siamo interessati a fare parte.<\/p>\n<p><strong>Parlando di Europa, il 2016 \u00e8 stato un anno speciale. Siamo stati testimoni della Brexit e diversi paesi stanno prendendo in considerazione l&#8217;idea di lasciare l&#8217;unione europea. A proposito, anche la Svizzera ha appena ritirato la sua richiesta di adesione all&#8217;UE. In quanto osservatore, che cosa pensa che succeder\u00e0 nei prossimi mesi in Europa?<\/strong><\/p>\n<p>Credo che non sia che un passaggio logico, credo che questo processo sia gi\u00e0 durato troppo a lungo e che l&#8217;UE abbia ormai preso troppo potere. Naturalmente, spero di vedere diversi esempi del genere e che le nazioni sovrane riprendano la propria sovranit\u00e0 e che, di conseguenza, possano ridurre le proprie tasse. Onestamente, sono abbastanza contento quando sento che l&#8217;odiato Orban ha di recente ridotto l&#8217;imposta di reddito sulle imprese al 9 percento: lo vedo come un bel risultato. \u00c8 certo che il movimento separatista o la disintegrazione dell&#8217;Unione Europea possa anche portare al socialismo e a questo dobbiamo stare molto attenti.<\/p>\n<p><strong>Prima di chiudere, desideravamo sapere che cosa ne pensasse della Svizzera, un paese che nei principi fondatori \u00e8 molto vicino al Liberland.<\/strong><\/p>\n<p>Non \u00e8 stata solo la costituzione americana ad essere di ispirazione per noi. Abbiamo preso molti elementi dalla democrazia diretta, in particolare il veto pubblico e il fatto che lo stato del Liberland non possa creare debito pubblico. Tutte queste cose sono prese dalla Costituzione Svizzera. Sappiamo che funziona. La Svizzera \u00e8 ancora uno dei paesi pi\u00f9 liberi al mondo. \u00c8 un buon modello da cui dobbiamo ancora imparare molto.<\/p>\n","protected":false},"featured_media":8265,"template":"","tag":[159,154,1337,153],"class_list":["post-11596","news","type-news","status-publish","has-post-thumbnail","hentry","tags-autonomia-privata","tags-europa-it","tags-liberland","tags-organizzazioni-internazionali"],"acf":[],"yoast_head":"<!-- This site is optimized with the Yoast SEO plugin v27.3 - https:\/\/yoast.com\/product\/yoast-seo-wordpress\/ -->\n<title>Un incontro con Vit Jedlicka - Istituto Liberale<\/title>\n<meta name=\"robots\" content=\"index, follow, max-snippet:-1, max-image-preview:large, max-video-preview:-1\" \/>\n<link rel=\"canonical\" href=\"https:\/\/www.libinst.ch\/it\/attualita\/intervista-con-vit-jedlicka-fondatore-di-liberland\/\" \/>\n<meta property=\"og:locale\" content=\"it_IT\" \/>\n<meta property=\"og:type\" content=\"article\" \/>\n<meta property=\"og:title\" content=\"Un incontro con Vit Jedlicka - Istituto Liberale\" \/>\n<meta property=\"og:description\" content=\"Intervista ad uno dei fondatori di Liberland, in occasione della sua visita a Lugano.\" \/>\n<meta property=\"og:url\" content=\"https:\/\/www.libinst.ch\/it\/attualita\/intervista-con-vit-jedlicka-fondatore-di-liberland\/\" \/>\n<meta property=\"og:site_name\" content=\"Istituto Liberale\" \/>\n<meta property=\"og:image\" content=\"https:\/\/www.libinst.ch\/wp-content\/uploads\/2023\/05\/bandiera-liberland.jpg\" \/>\n\t<meta property=\"og:image:width\" content=\"1920\" \/>\n\t<meta property=\"og:image:height\" content=\"1454\" \/>\n\t<meta property=\"og:image:type\" content=\"image\/jpeg\" \/>\n<meta name=\"twitter:card\" content=\"summary_large_image\" \/>\n<meta name=\"twitter:label1\" content=\"Tempo di lettura stimato\" \/>\n\t<meta name=\"twitter:data1\" content=\"6 minuti\" \/>\n<script type=\"application\/ld+json\" class=\"yoast-schema-graph\">{\"@context\":\"https:\\\/\\\/schema.org\",\"@graph\":[{\"@type\":\"WebPage\",\"@id\":\"https:\\\/\\\/www.libinst.ch\\\/it\\\/attualita\\\/intervista-con-vit-jedlicka-fondatore-di-liberland\\\/\",\"url\":\"https:\\\/\\\/www.libinst.ch\\\/it\\\/attualita\\\/intervista-con-vit-jedlicka-fondatore-di-liberland\\\/\",\"name\":\"Un incontro con Vit Jedlicka - Istituto Liberale\",\"isPartOf\":{\"@id\":\"\\\/#website\"},\"primaryImageOfPage\":{\"@id\":\"https:\\\/\\\/www.libinst.ch\\\/it\\\/attualita\\\/intervista-con-vit-jedlicka-fondatore-di-liberland\\\/#primaryimage\"},\"image\":{\"@id\":\"https:\\\/\\\/www.libinst.ch\\\/it\\\/attualita\\\/intervista-con-vit-jedlicka-fondatore-di-liberland\\\/#primaryimage\"},\"thumbnailUrl\":\"https:\\\/\\\/www.libinst.ch\\\/wp-content\\\/uploads\\\/2023\\\/05\\\/bandiera-liberland.jpg\",\"datePublished\":\"2016-11-24T23:00:00+00:00\",\"breadcrumb\":{\"@id\":\"https:\\\/\\\/www.libinst.ch\\\/it\\\/attualita\\\/intervista-con-vit-jedlicka-fondatore-di-liberland\\\/#breadcrumb\"},\"inLanguage\":\"it-IT\",\"potentialAction\":[{\"@type\":\"ReadAction\",\"target\":[\"https:\\\/\\\/www.libinst.ch\\\/it\\\/attualita\\\/intervista-con-vit-jedlicka-fondatore-di-liberland\\\/\"]}]},{\"@type\":\"ImageObject\",\"inLanguage\":\"it-IT\",\"@id\":\"https:\\\/\\\/www.libinst.ch\\\/it\\\/attualita\\\/intervista-con-vit-jedlicka-fondatore-di-liberland\\\/#primaryimage\",\"url\":\"https:\\\/\\\/www.libinst.ch\\\/wp-content\\\/uploads\\\/2023\\\/05\\\/bandiera-liberland.jpg\",\"contentUrl\":\"https:\\\/\\\/www.libinst.ch\\\/wp-content\\\/uploads\\\/2023\\\/05\\\/bandiera-liberland.jpg\",\"width\":1920,\"height\":1454,\"caption\":\"Wind Wave Liberland New Country Flag in High Quality Isolated on White with Flagpole\"},{\"@type\":\"BreadcrumbList\",\"@id\":\"https:\\\/\\\/www.libinst.ch\\\/it\\\/attualita\\\/intervista-con-vit-jedlicka-fondatore-di-liberland\\\/#breadcrumb\",\"itemListElement\":[{\"@type\":\"ListItem\",\"position\":1,\"name\":\"Home\",\"item\":\"https:\\\/\\\/www.libinst.ch\\\/\"},{\"@type\":\"ListItem\",\"position\":2,\"name\":\"Un incontro con Vit Jedlicka\"}]},{\"@type\":\"WebSite\",\"@id\":\"\\\/#website\",\"url\":\"\\\/\",\"name\":\"Istituto Liberale\",\"description\":\"\",\"publisher\":{\"@id\":\"\\\/#organization\"},\"potentialAction\":[{\"@type\":\"SearchAction\",\"target\":{\"@type\":\"EntryPoint\",\"urlTemplate\":\"\\\/?s={search_term_string}\"},\"query-input\":{\"@type\":\"PropertyValueSpecification\",\"valueRequired\":true,\"valueName\":\"search_term_string\"}}],\"inLanguage\":\"it-IT\"},{\"@type\":\"Organization\",\"@id\":\"\\\/#organization\",\"name\":\"Istituto Liberale\",\"url\":\"\\\/\",\"logo\":{\"@type\":\"ImageObject\",\"inLanguage\":\"it-IT\",\"@id\":\"\\\/#\\\/schema\\\/logo\\\/image\\\/\",\"url\":\"https:\\\/\\\/www.libinst.ch\\\/wp-content\\\/uploads\\\/2023\\\/08\\\/logo-instituto-liberale.png\",\"contentUrl\":\"https:\\\/\\\/www.libinst.ch\\\/wp-content\\\/uploads\\\/2023\\\/08\\\/logo-instituto-liberale.png\",\"width\":2935,\"height\":458,\"caption\":\"Istituto Liberale\"},\"image\":{\"@id\":\"\\\/#\\\/schema\\\/logo\\\/image\\\/\"}}]}<\/script>\n<!-- \/ Yoast SEO plugin. -->","yoast_head_json":{"title":"Un incontro con Vit Jedlicka - Istituto Liberale","robots":{"index":"index","follow":"follow","max-snippet":"max-snippet:-1","max-image-preview":"max-image-preview:large","max-video-preview":"max-video-preview:-1"},"canonical":"https:\/\/www.libinst.ch\/it\/attualita\/intervista-con-vit-jedlicka-fondatore-di-liberland\/","og_locale":"it_IT","og_type":"article","og_title":"Un incontro con Vit Jedlicka - Istituto Liberale","og_description":"Intervista ad uno dei fondatori di Liberland, in occasione della sua visita a Lugano.","og_url":"https:\/\/www.libinst.ch\/it\/attualita\/intervista-con-vit-jedlicka-fondatore-di-liberland\/","og_site_name":"Istituto Liberale","og_image":[{"width":1920,"height":1454,"url":"https:\/\/www.libinst.ch\/wp-content\/uploads\/2023\/05\/bandiera-liberland.jpg","type":"image\/jpeg"}],"twitter_card":"summary_large_image","twitter_misc":{"Tempo di lettura stimato":"6 minuti"},"schema":{"@context":"https:\/\/schema.org","@graph":[{"@type":"WebPage","@id":"https:\/\/www.libinst.ch\/it\/attualita\/intervista-con-vit-jedlicka-fondatore-di-liberland\/","url":"https:\/\/www.libinst.ch\/it\/attualita\/intervista-con-vit-jedlicka-fondatore-di-liberland\/","name":"Un incontro con Vit Jedlicka - Istituto Liberale","isPartOf":{"@id":"\/#website"},"primaryImageOfPage":{"@id":"https:\/\/www.libinst.ch\/it\/attualita\/intervista-con-vit-jedlicka-fondatore-di-liberland\/#primaryimage"},"image":{"@id":"https:\/\/www.libinst.ch\/it\/attualita\/intervista-con-vit-jedlicka-fondatore-di-liberland\/#primaryimage"},"thumbnailUrl":"https:\/\/www.libinst.ch\/wp-content\/uploads\/2023\/05\/bandiera-liberland.jpg","datePublished":"2016-11-24T23:00:00+00:00","breadcrumb":{"@id":"https:\/\/www.libinst.ch\/it\/attualita\/intervista-con-vit-jedlicka-fondatore-di-liberland\/#breadcrumb"},"inLanguage":"it-IT","potentialAction":[{"@type":"ReadAction","target":["https:\/\/www.libinst.ch\/it\/attualita\/intervista-con-vit-jedlicka-fondatore-di-liberland\/"]}]},{"@type":"ImageObject","inLanguage":"it-IT","@id":"https:\/\/www.libinst.ch\/it\/attualita\/intervista-con-vit-jedlicka-fondatore-di-liberland\/#primaryimage","url":"https:\/\/www.libinst.ch\/wp-content\/uploads\/2023\/05\/bandiera-liberland.jpg","contentUrl":"https:\/\/www.libinst.ch\/wp-content\/uploads\/2023\/05\/bandiera-liberland.jpg","width":1920,"height":1454,"caption":"Wind Wave Liberland New Country Flag in High Quality Isolated on White with Flagpole"},{"@type":"BreadcrumbList","@id":"https:\/\/www.libinst.ch\/it\/attualita\/intervista-con-vit-jedlicka-fondatore-di-liberland\/#breadcrumb","itemListElement":[{"@type":"ListItem","position":1,"name":"Home","item":"https:\/\/www.libinst.ch\/"},{"@type":"ListItem","position":2,"name":"Un incontro con Vit Jedlicka"}]},{"@type":"WebSite","@id":"\/#website","url":"\/","name":"Istituto Liberale","description":"","publisher":{"@id":"\/#organization"},"potentialAction":[{"@type":"SearchAction","target":{"@type":"EntryPoint","urlTemplate":"\/?s={search_term_string}"},"query-input":{"@type":"PropertyValueSpecification","valueRequired":true,"valueName":"search_term_string"}}],"inLanguage":"it-IT"},{"@type":"Organization","@id":"\/#organization","name":"Istituto Liberale","url":"\/","logo":{"@type":"ImageObject","inLanguage":"it-IT","@id":"\/#\/schema\/logo\/image\/","url":"https:\/\/www.libinst.ch\/wp-content\/uploads\/2023\/08\/logo-instituto-liberale.png","contentUrl":"https:\/\/www.libinst.ch\/wp-content\/uploads\/2023\/08\/logo-instituto-liberale.png","width":2935,"height":458,"caption":"Istituto Liberale"},"image":{"@id":"\/#\/schema\/logo\/image\/"}}]}},"_links":{"self":[{"href":"https:\/\/www.libinst.ch\/it\/wp-json\/wp\/v2\/news\/11596","targetHints":{"allow":["GET"]}}],"collection":[{"href":"https:\/\/www.libinst.ch\/it\/wp-json\/wp\/v2\/news"}],"about":[{"href":"https:\/\/www.libinst.ch\/it\/wp-json\/wp\/v2\/types\/news"}],"wp:featuredmedia":[{"embeddable":true,"href":"https:\/\/www.libinst.ch\/it\/wp-json\/wp\/v2\/media\/8265"}],"wp:attachment":[{"href":"https:\/\/www.libinst.ch\/it\/wp-json\/wp\/v2\/media?parent=11596"}],"wp:term":[{"taxonomy":"tags","embeddable":true,"href":"https:\/\/www.libinst.ch\/it\/wp-json\/wp\/v2\/tag?post=11596"}],"curies":[{"name":"wp","href":"https:\/\/api.w.org\/{rel}","templated":true}]}}