{"id":11618,"date":"2022-02-10T00:00:00","date_gmt":"2022-02-09T23:00:00","guid":{"rendered":"https:\/\/libinst.detail-digital.ch\/news\/i-megatrend-del-2022\/"},"modified":"2022-02-10T00:00:00","modified_gmt":"2022-02-09T23:00:00","slug":"i-megatrend-del-2022","status":"publish","type":"news","link":"https:\/\/www.libinst.ch\/it\/attualita\/i-megatrend-del-2022\/","title":{"rendered":"I megatrend del 2022"},"content":{"rendered":"<p><iframe loading=\"lazy\" style=\"border: none; overflow: hidden;\" src=\"https:\/\/www.facebook.com\/plugins\/video.php?height=314&amp;href=https%3A%2F%2Fwww.facebook.com%2FSFLSwiss%2Fvideos%2F314628250633179%2F&amp;show_text=false&amp;width=560&amp;t=0\" width=\"560\" height=\"314\" frameborder=\"0\" scrolling=\"no\" allowfullscreen=\"allowfullscreen\"><\/iframe><\/p>\n<p>Il 10 febbraio 2022 l&#8217;Istituto Liberale ha organizzato un webinar sul tema \u201cI megatrend del 2022: quali conseguenze per l&#8217;Europa e il mondo?\u201d, in collaborazione con l&#8217;associazione studentesca LPU (Law and Politics in USI), attiva all&#8217;Universit\u00e0 di Lugano, e con Students for Liberty Svizzera. Tema della serata, che ha visto protagonista Roberto Mazzoni, \u00e8 stata la discussione sui possibili effetti che avranno a livello globale, geopolitico, sociale ed economico, le macrotendenze politiche che osserviamo all&#8217;inizio di questo 2022. Dagli effetti della pandemia ai lasciti della tecnocrazia sulle nostre democrazie, alla politica energetica fino al dirigismo sovranazionale, verso nuovi, talvolta inquietanti, equilibri sociali e istituzionali.<\/p>\n<p>Ha aperto la serata <strong>Carlo Lottieri<\/strong>, presidente della sezione italofona dell&#8217;Istituto Liberale, che ha introdotto il quadro in cui si va ad inserire l&#8217;intervento del relatore. Si vanno a configurare declinazioni moderne di questioni gi\u00e0 antiche, prima fra tutte la logica tecnocratica proposta a partire dall&#8217;Ottocento: la presunzione di organizzare la societ\u00e0 con piglio essenzialmente ingegneristico, secondo cui persone pi\u00f9 sapienti e informate in testa alle istituzioni politiche avrebbero il diritto e il dovere di progettare ogni aspetto della societ\u00e0 umana. Chiaramente, all&#8217;epoca, gli strumenti in mano agli aspiranti tecnocrati erano tuttavia molti meno.<\/p>\n<p><img loading=\"lazy\" decoding=\"async\" class=\"alignnone size-medium wp-image-16656\" src=\"https:\/\/www.libinst.ch\/wp-content\/uploads\/2022\/02\/Mazzoni-3-300x170.jpg\" alt=\"\" width=\"300\" height=\"170\" srcset=\"https:\/\/www.libinst.ch\/wp-content\/uploads\/2022\/02\/Mazzoni-3-300x170.jpg 300w, https:\/\/www.libinst.ch\/wp-content\/uploads\/2022\/02\/Mazzoni-3-768x435.jpg 768w, https:\/\/www.libinst.ch\/wp-content\/uploads\/2022\/02\/Mazzoni-3-600x339.jpg 600w, https:\/\/www.libinst.ch\/wp-content\/uploads\/2022\/02\/Mazzoni-3.jpg 935w\" sizes=\"auto, (max-width: 300px) 100vw, 300px\" \/><\/p>\n<p>La parola \u00e8 poi passata a <strong>Roberto Mazzoni<\/strong>, giornalista specializzato nella tecnologia informatica e fondatore di diverse riviste specialistiche. Ora vive negli Stati Uniti, in Florida, e, dopo un periodo a servizio di note case editrici italiane, \u00e8 imprenditore nell&#8217;ambito della consulenza, volta in particolare ai giovani che vogliono stabilire la propria attivit\u00e0 in America.<\/p>\n<p>Riprendendo l&#8217;introduzione, il relatore ha esteso la visione moderna della tecnocrazia riflettendo sul rapporto, che oggi osserviamo in ogni sfaccettatura delle nostre istituzioni, tra le supposte \u00e9lite al potere, fornite della conoscenza necessaria per programmare la vita degli individui al meglio, e il popolo, le cui opinioni compongono tutt&#8217;al pi\u00f9 un ostacolo verso il buono svolgimento della cosa pubblica.<\/p>\n<p>Il tecnocrate cerca sostanzialmente di portare avanti un progetto individuale, guidato dagli interessi del suo particolare gruppo sociale elitario, per realizzare una visione ingegneristica della societ\u00e0 sotto l&#8217;egida di obiettivi ben precisi. Oggi, questa logica \u00e8 amplificata in maniera mai vista nella storia del genere umano, a causa della crescita fuori controllo della tecnologia, dell&#8217;informatica e dell&#8217;intelligenza artificiale. Infatti, il punto di vista del tecnocrate moderno diventa quella di applicare ed adattare ci\u00f2 che viene impersonalmente deciso sempre pi\u00f9 da algoritmi e macchine. I primi esperimenti sociali in questo senso possono essere rilevati nell&#8217;atteggiamento dogmatico che hanno assunto, ovunque nel mondo, le task force anti-Covid per sospendere la propria responsabilit\u00e0 politica dietro l&#8217;ombra del &#8220;parere scientifico&#8221;.<\/p>\n<p><img loading=\"lazy\" decoding=\"async\" class=\"alignnone size-medium wp-image-16660\" src=\"https:\/\/www.libinst.ch\/wp-content\/uploads\/2022\/02\/Mazzoni-1-300x168.jpg\" alt=\"\" width=\"300\" height=\"168\" srcset=\"https:\/\/www.libinst.ch\/wp-content\/uploads\/2022\/02\/Mazzoni-1-300x168.jpg 300w, https:\/\/www.libinst.ch\/wp-content\/uploads\/2022\/02\/Mazzoni-1-768x430.jpg 768w, https:\/\/www.libinst.ch\/wp-content\/uploads\/2022\/02\/Mazzoni-1-600x336.jpg 600w, https:\/\/www.libinst.ch\/wp-content\/uploads\/2022\/02\/Mazzoni-1.jpg 991w\" sizes=\"auto, (max-width: 300px) 100vw, 300px\" \/><\/p>\n<p>Questo atteggiamento di riprogrammazione della societ\u00e0 secondo parametri impersonali, interpretati e imposti dall&#8217;\u00e9lite tecnocratica secondo i propri interessi particolari momentanei, va di pari passo con la crisi della democrazia che sperimentiamo negli ultimissimi anni. Le istituzioni politiche moderne reagiscono infatti alla perdita di controllo da parte dello Stato centrale con schemi di cooperazione internazionale volti a stabilire a livello mondiale una nuova norma politica di carattere semi-totalitario. I progetti politici vengono studiati a livello sovranazionale da esperti esterni ai governi nazionali per progettare la dialettica dei vari Paesi verso nuovi equilibri legislativi e sociali, che portino l&#8217;opinione pubblica ad accettare oppressioni veicolate dalla tecnologia sempre pi\u00f9 pressanti e pervasive.<\/p>\n<p>I visionari di questa nuova macrotendenza politica, volta alla centralizzazione del potere attraverso la coordinazione internazionale e la gestione tecnologica degli individui, si ritrovano a dover fare i conti con la disintegrazione della sovranit\u00e0 nazionale sul territorio. Raramente oggi la societ\u00e0, educata da secoli alla libert\u00e0 personale e ai diritti civili dell&#8217;individuo, accetta infatti la presenza di un uomo politico forte che applichi direttamente la sua visione del mondo. Il risultato \u00e8 una societ\u00e0 civile volta alla decentralizzazione e alla frammentazione sotto l&#8217;influenza, per esempio, delle grandi aziende, delle ONG, dei <em>think tank<\/em>, della stampa, della comunicazione globale mediata dai social network. Questa grande quantit\u00e0 di ostacoli al controllo pu\u00f2 essere gestita oggi solamente stringendo la morsa a un livello superiore alla volont\u00e0 del singolo governo nazionale.<\/p>\n<p>L&#8217;unico antidoto a queste tendenze accentratrici e dichiaratamente disumanizzanti \u00e8 culturale. Diventa importante pi\u00f9 che mai che gli individui riapprendano e riaffermino la loro natura di persone, degne dunque di diritti innati che devono essere difesi contro le velleit\u00e0 della classe politica. Come trasmettere un simile messaggio nella vita spersonalizzata della globalizzazione? La soluzione, secondo il relatore, \u00e8 spingere sull&#8217;istruzione in forme non istituzionali, di riflessione e attivismo comune. Sia sul piano direttamente politico, sia spingendo progetti di vita comunitaria e creativa, che portino ciascuno a riscoprire la sua vera essenza anche verso, eventualmente, forme di adeguata resistenza politica.<\/p>\n<p>Cos\u00ec come l&#8217;Unione Sovietica ha cercato fino all&#8217;ultimo di porre il proprio controllo totalitario sulla popolazione di pari passo allo sfaldamento della sua credibilit\u00e0 politica, che l&#8217;ha portata fino al tracollo, anche gli Stati tendenzialmente totalitari di oggi e i meccanismi sovranazionali che vanno a innescarsi dovranno fare la stessa fine. Ovviamente, l&#8217;individuo non pu\u00f2 e non deve tuttavia aspettare che i tempi facciano il proprio corso: deve vivere. E l&#8217;unico modo oggi di poter trovare da vivere in quanto persona libera e sovrana \u00e8 uscire dagli schemi tradizionali economici, bancari, istituzionali e cercare forme di aggregazione e socialit\u00e0 che sfuggano alle logiche politiche stabilite. La via da percorrere \u00e8 quella contro-economia che, in passato, ha gi\u00e0 portato l&#8217;umanit\u00e0 fuori dallo stallo dei rapporti feudali e ha favorito l&#8217;indipendenza personale all&#8217;interno dei borghi rinascimentali.<\/p>\n","protected":false},"featured_media":5827,"template":"","tag":[148,605,153,164],"class_list":["post-11618","news","type-news","status-publish","has-post-thumbnail","hentry","tags-denaro-e-mercati-finanziari","tags-globalizzazione","tags-organizzazioni-internazionali","tags-video-it"],"acf":[],"yoast_head":"<!-- This site is optimized with the Yoast SEO plugin v27.3 - https:\/\/yoast.com\/product\/yoast-seo-wordpress\/ -->\n<title>I megatrend del 2022 - Istituto Liberale<\/title>\n<meta name=\"robots\" content=\"index, follow, max-snippet:-1, max-image-preview:large, max-video-preview:-1\" \/>\n<link rel=\"canonical\" href=\"https:\/\/www.libinst.ch\/it\/attualita\/i-megatrend-del-2022\/\" \/>\n<meta property=\"og:locale\" content=\"it_IT\" \/>\n<meta property=\"og:type\" content=\"article\" \/>\n<meta property=\"og:title\" content=\"I megatrend del 2022 - Istituto Liberale\" \/>\n<meta property=\"og:description\" content=\"Webinar per discutere le tecnocratiche tendenze sovranazionali che sono innescate dalla crisi della sovranit\u00e0.\" \/>\n<meta property=\"og:url\" content=\"https:\/\/www.libinst.ch\/it\/attualita\/i-megatrend-del-2022\/\" \/>\n<meta property=\"og:site_name\" content=\"Istituto Liberale\" \/>\n<meta property=\"og:image\" content=\"https:\/\/www.libinst.ch\/wp-content\/uploads\/2023\/04\/planet-weltkarte-sonnenaufgang-universum.jpg\" \/>\n\t<meta property=\"og:image:width\" content=\"1920\" \/>\n\t<meta property=\"og:image:height\" content=\"1280\" \/>\n\t<meta property=\"og:image:type\" content=\"image\/jpeg\" \/>\n<meta name=\"twitter:card\" content=\"summary_large_image\" \/>\n<meta name=\"twitter:label1\" content=\"Tempo di lettura stimato\" \/>\n\t<meta name=\"twitter:data1\" content=\"6 minuti\" \/>\n<script type=\"application\/ld+json\" class=\"yoast-schema-graph\">{\"@context\":\"https:\\\/\\\/schema.org\",\"@graph\":[{\"@type\":\"WebPage\",\"@id\":\"https:\\\/\\\/www.libinst.ch\\\/it\\\/attualita\\\/i-megatrend-del-2022\\\/\",\"url\":\"https:\\\/\\\/www.libinst.ch\\\/it\\\/attualita\\\/i-megatrend-del-2022\\\/\",\"name\":\"I megatrend del 2022 - Istituto Liberale\",\"isPartOf\":{\"@id\":\"\\\/#website\"},\"primaryImageOfPage\":{\"@id\":\"https:\\\/\\\/www.libinst.ch\\\/it\\\/attualita\\\/i-megatrend-del-2022\\\/#primaryimage\"},\"image\":{\"@id\":\"https:\\\/\\\/www.libinst.ch\\\/it\\\/attualita\\\/i-megatrend-del-2022\\\/#primaryimage\"},\"thumbnailUrl\":\"https:\\\/\\\/www.libinst.ch\\\/wp-content\\\/uploads\\\/2023\\\/04\\\/planet-weltkarte-sonnenaufgang-universum.jpg\",\"datePublished\":\"2022-02-09T23:00:00+00:00\",\"breadcrumb\":{\"@id\":\"https:\\\/\\\/www.libinst.ch\\\/it\\\/attualita\\\/i-megatrend-del-2022\\\/#breadcrumb\"},\"inLanguage\":\"it-IT\",\"potentialAction\":[{\"@type\":\"ReadAction\",\"target\":[\"https:\\\/\\\/www.libinst.ch\\\/it\\\/attualita\\\/i-megatrend-del-2022\\\/\"]}]},{\"@type\":\"ImageObject\",\"inLanguage\":\"it-IT\",\"@id\":\"https:\\\/\\\/www.libinst.ch\\\/it\\\/attualita\\\/i-megatrend-del-2022\\\/#primaryimage\",\"url\":\"https:\\\/\\\/www.libinst.ch\\\/wp-content\\\/uploads\\\/2023\\\/04\\\/planet-weltkarte-sonnenaufgang-universum.jpg\",\"contentUrl\":\"https:\\\/\\\/www.libinst.ch\\\/wp-content\\\/uploads\\\/2023\\\/04\\\/planet-weltkarte-sonnenaufgang-universum.jpg\",\"width\":1920,\"height\":1280,\"caption\":\"Planet Earth viewed from space with city lights in Europe. World with sunrise. Conceptual image for global business or European communication technology, elements from NASA\"},{\"@type\":\"BreadcrumbList\",\"@id\":\"https:\\\/\\\/www.libinst.ch\\\/it\\\/attualita\\\/i-megatrend-del-2022\\\/#breadcrumb\",\"itemListElement\":[{\"@type\":\"ListItem\",\"position\":1,\"name\":\"Home\",\"item\":\"https:\\\/\\\/www.libinst.ch\\\/\"},{\"@type\":\"ListItem\",\"position\":2,\"name\":\"I megatrend del 2022\"}]},{\"@type\":\"WebSite\",\"@id\":\"\\\/#website\",\"url\":\"\\\/\",\"name\":\"Istituto Liberale\",\"description\":\"\",\"publisher\":{\"@id\":\"\\\/#organization\"},\"potentialAction\":[{\"@type\":\"SearchAction\",\"target\":{\"@type\":\"EntryPoint\",\"urlTemplate\":\"\\\/?s={search_term_string}\"},\"query-input\":{\"@type\":\"PropertyValueSpecification\",\"valueRequired\":true,\"valueName\":\"search_term_string\"}}],\"inLanguage\":\"it-IT\"},{\"@type\":\"Organization\",\"@id\":\"\\\/#organization\",\"name\":\"Istituto Liberale\",\"url\":\"\\\/\",\"logo\":{\"@type\":\"ImageObject\",\"inLanguage\":\"it-IT\",\"@id\":\"\\\/#\\\/schema\\\/logo\\\/image\\\/\",\"url\":\"https:\\\/\\\/www.libinst.ch\\\/wp-content\\\/uploads\\\/2023\\\/08\\\/logo-instituto-liberale.png\",\"contentUrl\":\"https:\\\/\\\/www.libinst.ch\\\/wp-content\\\/uploads\\\/2023\\\/08\\\/logo-instituto-liberale.png\",\"width\":2935,\"height\":458,\"caption\":\"Istituto Liberale\"},\"image\":{\"@id\":\"\\\/#\\\/schema\\\/logo\\\/image\\\/\"}}]}<\/script>\n<!-- \/ Yoast SEO plugin. -->","yoast_head_json":{"title":"I megatrend del 2022 - Istituto Liberale","robots":{"index":"index","follow":"follow","max-snippet":"max-snippet:-1","max-image-preview":"max-image-preview:large","max-video-preview":"max-video-preview:-1"},"canonical":"https:\/\/www.libinst.ch\/it\/attualita\/i-megatrend-del-2022\/","og_locale":"it_IT","og_type":"article","og_title":"I megatrend del 2022 - Istituto Liberale","og_description":"Webinar per discutere le tecnocratiche tendenze sovranazionali che sono innescate dalla crisi della sovranit\u00e0.","og_url":"https:\/\/www.libinst.ch\/it\/attualita\/i-megatrend-del-2022\/","og_site_name":"Istituto Liberale","og_image":[{"width":1920,"height":1280,"url":"https:\/\/www.libinst.ch\/wp-content\/uploads\/2023\/04\/planet-weltkarte-sonnenaufgang-universum.jpg","type":"image\/jpeg"}],"twitter_card":"summary_large_image","twitter_misc":{"Tempo di lettura stimato":"6 minuti"},"schema":{"@context":"https:\/\/schema.org","@graph":[{"@type":"WebPage","@id":"https:\/\/www.libinst.ch\/it\/attualita\/i-megatrend-del-2022\/","url":"https:\/\/www.libinst.ch\/it\/attualita\/i-megatrend-del-2022\/","name":"I megatrend del 2022 - Istituto Liberale","isPartOf":{"@id":"\/#website"},"primaryImageOfPage":{"@id":"https:\/\/www.libinst.ch\/it\/attualita\/i-megatrend-del-2022\/#primaryimage"},"image":{"@id":"https:\/\/www.libinst.ch\/it\/attualita\/i-megatrend-del-2022\/#primaryimage"},"thumbnailUrl":"https:\/\/www.libinst.ch\/wp-content\/uploads\/2023\/04\/planet-weltkarte-sonnenaufgang-universum.jpg","datePublished":"2022-02-09T23:00:00+00:00","breadcrumb":{"@id":"https:\/\/www.libinst.ch\/it\/attualita\/i-megatrend-del-2022\/#breadcrumb"},"inLanguage":"it-IT","potentialAction":[{"@type":"ReadAction","target":["https:\/\/www.libinst.ch\/it\/attualita\/i-megatrend-del-2022\/"]}]},{"@type":"ImageObject","inLanguage":"it-IT","@id":"https:\/\/www.libinst.ch\/it\/attualita\/i-megatrend-del-2022\/#primaryimage","url":"https:\/\/www.libinst.ch\/wp-content\/uploads\/2023\/04\/planet-weltkarte-sonnenaufgang-universum.jpg","contentUrl":"https:\/\/www.libinst.ch\/wp-content\/uploads\/2023\/04\/planet-weltkarte-sonnenaufgang-universum.jpg","width":1920,"height":1280,"caption":"Planet Earth viewed from space with city lights in Europe. World with sunrise. Conceptual image for global business or European communication technology, elements from NASA"},{"@type":"BreadcrumbList","@id":"https:\/\/www.libinst.ch\/it\/attualita\/i-megatrend-del-2022\/#breadcrumb","itemListElement":[{"@type":"ListItem","position":1,"name":"Home","item":"https:\/\/www.libinst.ch\/"},{"@type":"ListItem","position":2,"name":"I megatrend del 2022"}]},{"@type":"WebSite","@id":"\/#website","url":"\/","name":"Istituto Liberale","description":"","publisher":{"@id":"\/#organization"},"potentialAction":[{"@type":"SearchAction","target":{"@type":"EntryPoint","urlTemplate":"\/?s={search_term_string}"},"query-input":{"@type":"PropertyValueSpecification","valueRequired":true,"valueName":"search_term_string"}}],"inLanguage":"it-IT"},{"@type":"Organization","@id":"\/#organization","name":"Istituto Liberale","url":"\/","logo":{"@type":"ImageObject","inLanguage":"it-IT","@id":"\/#\/schema\/logo\/image\/","url":"https:\/\/www.libinst.ch\/wp-content\/uploads\/2023\/08\/logo-instituto-liberale.png","contentUrl":"https:\/\/www.libinst.ch\/wp-content\/uploads\/2023\/08\/logo-instituto-liberale.png","width":2935,"height":458,"caption":"Istituto Liberale"},"image":{"@id":"\/#\/schema\/logo\/image\/"}}]}},"_links":{"self":[{"href":"https:\/\/www.libinst.ch\/it\/wp-json\/wp\/v2\/news\/11618","targetHints":{"allow":["GET"]}}],"collection":[{"href":"https:\/\/www.libinst.ch\/it\/wp-json\/wp\/v2\/news"}],"about":[{"href":"https:\/\/www.libinst.ch\/it\/wp-json\/wp\/v2\/types\/news"}],"wp:featuredmedia":[{"embeddable":true,"href":"https:\/\/www.libinst.ch\/it\/wp-json\/wp\/v2\/media\/5827"}],"wp:attachment":[{"href":"https:\/\/www.libinst.ch\/it\/wp-json\/wp\/v2\/media?parent=11618"}],"wp:term":[{"taxonomy":"tags","embeddable":true,"href":"https:\/\/www.libinst.ch\/it\/wp-json\/wp\/v2\/tag?post=11618"}],"curies":[{"name":"wp","href":"https:\/\/api.w.org\/{rel}","templated":true}]}}