{"id":29886,"date":"2025-05-26T12:30:14","date_gmt":"2025-05-26T10:30:14","guid":{"rendered":"https:\/\/www.libinst.ch\/?post_type=news&#038;p=29886"},"modified":"2025-10-25T22:12:16","modified_gmt":"2025-10-25T20:12:16","slug":"il-valore-economico-delletica-del-lavoro","status":"publish","type":"news","link":"https:\/\/www.libinst.ch\/it\/attualita\/il-valore-economico-delletica-del-lavoro\/","title":{"rendered":"Il valore economico dell&#8217;etica del lavoro"},"content":{"rendered":"<p>Il 21 maggio 2025 l&#8217;Istituto Liberale ha organizzato l&#8217;evento <em>Il valore economico dell&#8217;etica del lavoro<\/em>, in collaborazione con Students For Liberty Svizzera e LPU (Law and Politics in USI). La serata ha visto come protagonisti Carlo Lottieri, Paolo Pamini e Giovanni Barone Adesi, a presentazione del libro dal titolo\u00a0<em>Perch\u00e9 dobbiamo lavorare di pi\u00f9 e risparmiare di pi\u00f9. Il valore economico dell\u2019etica del<\/em>\u00a0<em>lavoro<\/em>, curato da Alberto Mingardi e pubblicato da Liberilibri. Il volume \u00e8 una raccolta commentata di tre saggi del Premio Nobel James M. Buchanan. In queste pagine l\u2019economista liberale sostiene che lavorare maggiormente e risparmiare siano di vantaggio per il singolo e per la societ\u00e0 nel suo insieme. In queste pagine l\u2019economista liberale sostiene che lavorare maggiormente e risparmiare siano di vantaggio per il singolo e per la societ\u00e0 nel suo insieme. Viceversa, l\u2019ozio danneggia tutti, esattamente come la mancanza di capitali e l\u2019indebolirsi dell\u2019etica del lavoro.<\/p>\n<p data-start=\"863\" data-end=\"1174\"><strong><img decoding=\"async\" class=\"alignnone size-full wp-image-29891\" src=\"https:\/\/www.libinst.ch\/wp-content\/uploads\/2025\/05\/IMG_20250521_182022.heic\" alt=\"\" \/><img loading=\"lazy\" decoding=\"async\" class=\" wp-image-29899 alignright\" src=\"https:\/\/www.libinst.ch\/wp-content\/uploads\/2025\/05\/evento-barone-adesi-1-300x222.png\" alt=\"\" width=\"324\" height=\"240\" srcset=\"https:\/\/www.libinst.ch\/wp-content\/uploads\/2025\/05\/evento-barone-adesi-1-300x222.png 300w, https:\/\/www.libinst.ch\/wp-content\/uploads\/2025\/05\/evento-barone-adesi-1-768x569.png 768w, https:\/\/www.libinst.ch\/wp-content\/uploads\/2025\/05\/evento-barone-adesi-1-600x445.png 600w, https:\/\/www.libinst.ch\/wp-content\/uploads\/2025\/05\/evento-barone-adesi-1.png 866w\" sizes=\"auto, (max-width: 324px) 100vw, 324px\" \/>Carlo Lottieri<\/strong>, presidente della sezione italofona dell&#8217;Istituto Liberale, nonch\u00e9 professore di filosofia del diritto e delle scienze sociali all&#8217;Universit\u00e0 della Svizzera Italiana e all&#8217;Universit\u00e0 Telematica Pegasus, ha aperto la serata. Il libro \u00e8 strutturato secondo tre saggi che riflettono tre pilastri fondamentali del legame che Buchanan individua tra valori etici, cultura sociale ed efficienza del sistema economico. Pur basandosi su elementi teorici tipici dell\u2019economia marginalista, il suo approccio \u00e8 multidisciplinare: esplora infatti la connessione tra comportamento individuale, norme morali e benessere collettivo. Il primo fondamento \u00e8 <em>lavorare di pi\u00f9<\/em>: maggiore contributo al capitale umano da parte dell&#8217;individuo ha un impatto importantissimo sulla produttivit\u00e0 e la coesione sociale.\u00a0Pi\u00f9 si lavora, pi\u00f9 si espande il mercato, si rafforza la divisione del lavoro e si generano esternalit\u00e0 positive. Il secondo fondamento \u00e8\u00a0<em>risparmiare di pi\u00f9<\/em>: non solo come scelta individuale prudente, ma \u00e8 una forma di investimento con ripercussioni sociali positive che aumenta il potenziale per la crescita futura, nel lungo termine. Come verr\u00e0 sottolineato pi\u00f9 tardi, questo \u00e8 un grosso punto di critica che Buchanan reca al mainstream keynesiano del suo tempo. L&#8217;ultimo pilastro, pi\u00f9 provocatorio, riguarda la necessit\u00e0 di\u00a0<em>finanziare i &#8220;predicatori&#8221;<\/em>, ovvero sostenere coloro che si spendono per difendere valori etici e comportamenti virtuosi che portano al funzionamento armonioso della societ\u00e0 aperta. Buchanan sostiene che il successo economico \u00e8 possibile solo se esiste un humus culturale favorevole, in cui idee come responsabilit\u00e0, cooperazione e fiducia siano diffuse.<\/p>\n<p data-start=\"2057\" data-end=\"2473\">Il secondo relatore della serata \u00e8 stato\u00a0<strong>Giovanni Barone Adesi<\/strong>, professore di economia finanziaria all&#8217;Universit\u00e0 della Svizzera Italiana dopo una lunga carriera in Canada. Il suo approfondimento \u00e8 volto all&#8217;inquadramento storico-teorico del pensiero di Buchanan. Studente di Frank Knight, Buchanan si \u00e8 sviluppato in un ambiente critico verso i dogmi neoclassici e keynesiani. Rifiuta la visione di Marx sul crollo tendenziale dei salari e l\u2019inevitabilit\u00e0 della rivoluzione proletaria, e rivaluta la tradizione della Scuola Austriaca, che valorizza l\u2019innovazione e il dinamismo del mercato. Buchanan interpreta questo \u201clavorare di pi\u00f9\u201d come lavorare meglio: contribuire a un pi\u00f9 alto standard di vita per tutti tramite innovazione e specializzazione. Allo stesso modo, il risparmio ha esternalit\u00e0 produttive dal punto di vista della produttivit\u00e0, mettendo in moto in entrambi i casi quei meccanismi che portano il benessere individuale a confluire nel benessere collettivo. Questa visione armonica degli sforzi individuali come costruire un bene comune sono portati a contrasto con l&#8217;utilizzo della spesa pubblica, uso inefficiente delle risorse collettive che porta a interessi particolari (sindacati, ambientalisti, contribuenti) che minano la coesione sociale e i valori che fanno il successo dell&#8217;economia di mercato. In modo simile, per Buchanan la religione ha avuto un importante ruolo storico e culturale nella formazione del capitalismo, tra la spinta calvinista e le fondazioni seminate dalla Scolastica cattolica. Infatti, il Cristianesimo ha, nel contesto sociale, creato un terreno fertile ai valori individuali della disciplina, dell&#8217;etica del lavoro e del risparmio parsimonioso.<\/p>\n<p data-start=\"3504\" data-end=\"3980\"><strong><img loading=\"lazy\" decoding=\"async\" class=\" wp-image-29903 alignleft\" src=\"https:\/\/www.libinst.ch\/wp-content\/uploads\/2025\/05\/evento-barone-adesi-2-300x194.png\" alt=\"\" width=\"360\" height=\"233\" srcset=\"https:\/\/www.libinst.ch\/wp-content\/uploads\/2025\/05\/evento-barone-adesi-2-300x194.png 300w, https:\/\/www.libinst.ch\/wp-content\/uploads\/2025\/05\/evento-barone-adesi-2-768x497.png 768w, https:\/\/www.libinst.ch\/wp-content\/uploads\/2025\/05\/evento-barone-adesi-2-600x388.png 600w, https:\/\/www.libinst.ch\/wp-content\/uploads\/2025\/05\/evento-barone-adesi-2.png 843w\" sizes=\"auto, (max-width: 360px) 100vw, 360px\" \/>Paolo Pamini<\/strong>, docente di economia e fiscalit\u00e0 al Politecnico di Zurigo, ha invece riflettuto sulle implicazioni pratiche e contemporanee delle tesi di Buchanan. Oggi, in particolare nelle generazioni pi\u00f9 giovani (Millennial e Gen Z), prevale una mentalit\u00e0 che ricerca l&#8217;equilibrio tra vita e lavoro, con scarsa propensione al sacrificio e alla carriera. Questo trend si scontra con le indicazioni di Buchanan, che valorizza la dedizione nelle fasi iniziali della propria carriera per segnalare affidabilit\u00e0 sociale e aumentare il proprio contributo al capitale umano. Questo \u00e8 causa e conseguenza di una marcata conflittualit\u00e0 sociale forgiata nella mentalit\u00e0 della lotta di classe, che sta infatti remando contro alla crescita economia come strumento di armonizzazione collettiva. Per esempio, la popolarit\u00e0 del femminismo e l&#8217;accento su presunte ingiustizie sistemiche quali il\u00a0<em>gender pay gap<\/em> spingono le persone ad abbandonare i valori che durante il secolo scorso hanno contribuito alla sostenibilit\u00e0 e alla divisione del lavoro nell&#8217;economia domestica: la madre che rallenta la propria carriera per investire tempo nella famiglia, che viene per\u00f2 completata da un marito che si sacrifica maggiormente al lavoro, generando cos\u00ec una sensazione negli altri membri della comunit\u00e0 di impegno e affidabilit\u00e0, spendibili nel mercato del lavoro. Questo genere di conflittualit\u00e0, che si riversa anche per esempio sugli scontri intergenerazionali, crea attriti destabilizzanti ai danni del sistema pensionistico, che pertanto dovrebbe essere coerentemente privatizzando seguendo il modello cileno.<\/p>\n<p data-start=\"3504\" data-end=\"3980\">In generale, la demonizzazione del lavoro, vissuto come fardello da cui liberarsi il prima possibile approfittandosi dei contributi versati dalle nuove generazioni, erode quei valori per portano la societ\u00e0 ad una crescita armoniosa. Secondo alcuni studi, infatti, la prima causa di morte oggi sono le conseguenze psicofisiche del pensionamento, a causa della mancanza di senso della vita di tutti i giorni che un&#8217;etica del lavoro vissuta come contributo alla societ\u00e0 pu\u00f2 dare. Allo stesso modo, la tendenza contemporanea dell&#8217;affidamento totale alla scuola pubblica, da una parte, e un sempre maggiore controllo statale sull&#8217;informazione con la scusa della tutela della popolazione dalle\u00a0<em>fake news<\/em> e gli abusi, dall&#8217;altra, creano un terreno fertile per insabbiare i buoni predicatori che andrebbero sostenuti per recuperare questi valori. Gli effetti di questa deriva si vede nel dilagare di ideologie stataliste da una parte, ed aggressivamente secolari dall&#8217;altra, il che va ad annullare quanto di buono il Cristianesimo ha portato a livello di etica del lavoro nell&#8217;era del capitalismo. Valori contrari alla libert\u00e0 individuale e al valore della persona tolgono qualsiasi freno non solo ad un dannoso intervento statale nell&#8217;economia, ma nella trasformazione del mercato in una forma di controllo politico sempre pi\u00f9 totalizzante: introduzione delle monete digitali centralizzate, progetto di registri patrimoniali centralizzati, diffusione di idee conflittuali e classiste.<\/p>\n","protected":false},"featured_media":29887,"template":"","tag":[616,1375,1371,150,158,606,607],"class_list":["post-29886","news","type-news","status-publish","has-post-thumbnail","hentry","tags-capitalismo","tags-crisi-demografica","tags-crisi-economica","tags-cultura","tags-liberta-economica-e-crescita","tags-lotta-di-classe","tags-pensatori-classici-e-liberali"],"acf":[],"yoast_head":"<!-- This site is optimized with the Yoast SEO plugin v27.3 - https:\/\/yoast.com\/product\/yoast-seo-wordpress\/ -->\n<title>Il valore economico dell&#039;etica del lavoro - Istituto Liberale<\/title>\n<meta name=\"robots\" content=\"index, follow, max-snippet:-1, max-image-preview:large, max-video-preview:-1\" \/>\n<link rel=\"canonical\" href=\"https:\/\/www.libinst.ch\/it\/attualita\/il-valore-economico-delletica-del-lavoro\/\" \/>\n<meta property=\"og:locale\" content=\"it_IT\" \/>\n<meta property=\"og:type\" content=\"article\" \/>\n<meta property=\"og:title\" content=\"Il valore economico dell&#039;etica del lavoro - Istituto Liberale\" \/>\n<meta property=\"og:description\" content=\"Il 21 maggio 2025 l&#8217;Istituto Liberale ha organizzato l&#8217;evento Il valore economico dell&#8217;etica del lavoro, in collaborazione con Students For Liberty Svizzera e LPU (Law and Politics in USI). La serata ha visto come protagonisti Carlo Lottieri, Paolo Pamini e Giovanni Barone Adesi, a presentazione del libro dal titolo\u00a0Perch\u00e9 dobbiamo lavorare di pi\u00f9 e risparmiare [&hellip;]\" \/>\n<meta property=\"og:url\" content=\"https:\/\/www.libinst.ch\/it\/attualita\/il-valore-economico-delletica-del-lavoro\/\" \/>\n<meta property=\"og:site_name\" content=\"Istituto Liberale\" \/>\n<meta property=\"article:modified_time\" content=\"2025-10-25T20:12:16+00:00\" \/>\n<meta property=\"og:image\" content=\"https:\/\/www.libinst.ch\/wp-content\/uploads\/2025\/05\/uomo-lavoro-scaled.jpg\" \/>\n\t<meta property=\"og:image:width\" content=\"1707\" \/>\n\t<meta property=\"og:image:height\" content=\"2560\" \/>\n\t<meta property=\"og:image:type\" content=\"image\/jpeg\" \/>\n<meta name=\"twitter:card\" content=\"summary_large_image\" \/>\n<meta name=\"twitter:label1\" content=\"Tempo di lettura stimato\" \/>\n\t<meta name=\"twitter:data1\" content=\"7 minuti\" \/>\n<script type=\"application\/ld+json\" class=\"yoast-schema-graph\">{\"@context\":\"https:\\\/\\\/schema.org\",\"@graph\":[{\"@type\":\"WebPage\",\"@id\":\"https:\\\/\\\/www.libinst.ch\\\/it\\\/attualita\\\/il-valore-economico-delletica-del-lavoro\\\/\",\"url\":\"https:\\\/\\\/www.libinst.ch\\\/it\\\/attualita\\\/il-valore-economico-delletica-del-lavoro\\\/\",\"name\":\"Il valore economico dell'etica del lavoro - Istituto Liberale\",\"isPartOf\":{\"@id\":\"\\\/#website\"},\"primaryImageOfPage\":{\"@id\":\"https:\\\/\\\/www.libinst.ch\\\/it\\\/attualita\\\/il-valore-economico-delletica-del-lavoro\\\/#primaryimage\"},\"image\":{\"@id\":\"https:\\\/\\\/www.libinst.ch\\\/it\\\/attualita\\\/il-valore-economico-delletica-del-lavoro\\\/#primaryimage\"},\"thumbnailUrl\":\"https:\\\/\\\/www.libinst.ch\\\/wp-content\\\/uploads\\\/2025\\\/05\\\/uomo-lavoro-scaled.jpg\",\"datePublished\":\"2025-05-26T10:30:14+00:00\",\"dateModified\":\"2025-10-25T20:12:16+00:00\",\"breadcrumb\":{\"@id\":\"https:\\\/\\\/www.libinst.ch\\\/it\\\/attualita\\\/il-valore-economico-delletica-del-lavoro\\\/#breadcrumb\"},\"inLanguage\":\"it-IT\",\"potentialAction\":[{\"@type\":\"ReadAction\",\"target\":[\"https:\\\/\\\/www.libinst.ch\\\/it\\\/attualita\\\/il-valore-economico-delletica-del-lavoro\\\/\"]}]},{\"@type\":\"ImageObject\",\"inLanguage\":\"it-IT\",\"@id\":\"https:\\\/\\\/www.libinst.ch\\\/it\\\/attualita\\\/il-valore-economico-delletica-del-lavoro\\\/#primaryimage\",\"url\":\"https:\\\/\\\/www.libinst.ch\\\/wp-content\\\/uploads\\\/2025\\\/05\\\/uomo-lavoro-scaled.jpg\",\"contentUrl\":\"https:\\\/\\\/www.libinst.ch\\\/wp-content\\\/uploads\\\/2025\\\/05\\\/uomo-lavoro-scaled.jpg\",\"width\":1707,\"height\":2560},{\"@type\":\"BreadcrumbList\",\"@id\":\"https:\\\/\\\/www.libinst.ch\\\/it\\\/attualita\\\/il-valore-economico-delletica-del-lavoro\\\/#breadcrumb\",\"itemListElement\":[{\"@type\":\"ListItem\",\"position\":1,\"name\":\"Home\",\"item\":\"https:\\\/\\\/www.libinst.ch\\\/\"},{\"@type\":\"ListItem\",\"position\":2,\"name\":\"Il valore economico dell&#8217;etica del lavoro\"}]},{\"@type\":\"WebSite\",\"@id\":\"\\\/#website\",\"url\":\"\\\/\",\"name\":\"Istituto Liberale\",\"description\":\"\",\"publisher\":{\"@id\":\"\\\/#organization\"},\"potentialAction\":[{\"@type\":\"SearchAction\",\"target\":{\"@type\":\"EntryPoint\",\"urlTemplate\":\"\\\/?s={search_term_string}\"},\"query-input\":{\"@type\":\"PropertyValueSpecification\",\"valueRequired\":true,\"valueName\":\"search_term_string\"}}],\"inLanguage\":\"it-IT\"},{\"@type\":\"Organization\",\"@id\":\"\\\/#organization\",\"name\":\"Istituto Liberale\",\"url\":\"\\\/\",\"logo\":{\"@type\":\"ImageObject\",\"inLanguage\":\"it-IT\",\"@id\":\"\\\/#\\\/schema\\\/logo\\\/image\\\/\",\"url\":\"https:\\\/\\\/www.libinst.ch\\\/wp-content\\\/uploads\\\/2023\\\/08\\\/logo-instituto-liberale.png\",\"contentUrl\":\"https:\\\/\\\/www.libinst.ch\\\/wp-content\\\/uploads\\\/2023\\\/08\\\/logo-instituto-liberale.png\",\"width\":2935,\"height\":458,\"caption\":\"Istituto Liberale\"},\"image\":{\"@id\":\"\\\/#\\\/schema\\\/logo\\\/image\\\/\"}}]}<\/script>\n<!-- \/ Yoast SEO plugin. -->","yoast_head_json":{"title":"Il valore economico dell'etica del lavoro - Istituto Liberale","robots":{"index":"index","follow":"follow","max-snippet":"max-snippet:-1","max-image-preview":"max-image-preview:large","max-video-preview":"max-video-preview:-1"},"canonical":"https:\/\/www.libinst.ch\/it\/attualita\/il-valore-economico-delletica-del-lavoro\/","og_locale":"it_IT","og_type":"article","og_title":"Il valore economico dell'etica del lavoro - Istituto Liberale","og_description":"Il 21 maggio 2025 l&#8217;Istituto Liberale ha organizzato l&#8217;evento Il valore economico dell&#8217;etica del lavoro, in collaborazione con Students For Liberty Svizzera e LPU (Law and Politics in USI). La serata ha visto come protagonisti Carlo Lottieri, Paolo Pamini e Giovanni Barone Adesi, a presentazione del libro dal titolo\u00a0Perch\u00e9 dobbiamo lavorare di pi\u00f9 e risparmiare [&hellip;]","og_url":"https:\/\/www.libinst.ch\/it\/attualita\/il-valore-economico-delletica-del-lavoro\/","og_site_name":"Istituto Liberale","article_modified_time":"2025-10-25T20:12:16+00:00","og_image":[{"width":1707,"height":2560,"url":"https:\/\/www.libinst.ch\/wp-content\/uploads\/2025\/05\/uomo-lavoro-scaled.jpg","type":"image\/jpeg"}],"twitter_card":"summary_large_image","twitter_misc":{"Tempo di lettura stimato":"7 minuti"},"schema":{"@context":"https:\/\/schema.org","@graph":[{"@type":"WebPage","@id":"https:\/\/www.libinst.ch\/it\/attualita\/il-valore-economico-delletica-del-lavoro\/","url":"https:\/\/www.libinst.ch\/it\/attualita\/il-valore-economico-delletica-del-lavoro\/","name":"Il valore economico dell'etica del lavoro - Istituto Liberale","isPartOf":{"@id":"\/#website"},"primaryImageOfPage":{"@id":"https:\/\/www.libinst.ch\/it\/attualita\/il-valore-economico-delletica-del-lavoro\/#primaryimage"},"image":{"@id":"https:\/\/www.libinst.ch\/it\/attualita\/il-valore-economico-delletica-del-lavoro\/#primaryimage"},"thumbnailUrl":"https:\/\/www.libinst.ch\/wp-content\/uploads\/2025\/05\/uomo-lavoro-scaled.jpg","datePublished":"2025-05-26T10:30:14+00:00","dateModified":"2025-10-25T20:12:16+00:00","breadcrumb":{"@id":"https:\/\/www.libinst.ch\/it\/attualita\/il-valore-economico-delletica-del-lavoro\/#breadcrumb"},"inLanguage":"it-IT","potentialAction":[{"@type":"ReadAction","target":["https:\/\/www.libinst.ch\/it\/attualita\/il-valore-economico-delletica-del-lavoro\/"]}]},{"@type":"ImageObject","inLanguage":"it-IT","@id":"https:\/\/www.libinst.ch\/it\/attualita\/il-valore-economico-delletica-del-lavoro\/#primaryimage","url":"https:\/\/www.libinst.ch\/wp-content\/uploads\/2025\/05\/uomo-lavoro-scaled.jpg","contentUrl":"https:\/\/www.libinst.ch\/wp-content\/uploads\/2025\/05\/uomo-lavoro-scaled.jpg","width":1707,"height":2560},{"@type":"BreadcrumbList","@id":"https:\/\/www.libinst.ch\/it\/attualita\/il-valore-economico-delletica-del-lavoro\/#breadcrumb","itemListElement":[{"@type":"ListItem","position":1,"name":"Home","item":"https:\/\/www.libinst.ch\/"},{"@type":"ListItem","position":2,"name":"Il valore economico dell&#8217;etica del lavoro"}]},{"@type":"WebSite","@id":"\/#website","url":"\/","name":"Istituto Liberale","description":"","publisher":{"@id":"\/#organization"},"potentialAction":[{"@type":"SearchAction","target":{"@type":"EntryPoint","urlTemplate":"\/?s={search_term_string}"},"query-input":{"@type":"PropertyValueSpecification","valueRequired":true,"valueName":"search_term_string"}}],"inLanguage":"it-IT"},{"@type":"Organization","@id":"\/#organization","name":"Istituto Liberale","url":"\/","logo":{"@type":"ImageObject","inLanguage":"it-IT","@id":"\/#\/schema\/logo\/image\/","url":"https:\/\/www.libinst.ch\/wp-content\/uploads\/2023\/08\/logo-instituto-liberale.png","contentUrl":"https:\/\/www.libinst.ch\/wp-content\/uploads\/2023\/08\/logo-instituto-liberale.png","width":2935,"height":458,"caption":"Istituto Liberale"},"image":{"@id":"\/#\/schema\/logo\/image\/"}}]}},"_links":{"self":[{"href":"https:\/\/www.libinst.ch\/it\/wp-json\/wp\/v2\/news\/29886","targetHints":{"allow":["GET"]}}],"collection":[{"href":"https:\/\/www.libinst.ch\/it\/wp-json\/wp\/v2\/news"}],"about":[{"href":"https:\/\/www.libinst.ch\/it\/wp-json\/wp\/v2\/types\/news"}],"wp:featuredmedia":[{"embeddable":true,"href":"https:\/\/www.libinst.ch\/it\/wp-json\/wp\/v2\/media\/29887"}],"wp:attachment":[{"href":"https:\/\/www.libinst.ch\/it\/wp-json\/wp\/v2\/media?parent=29886"}],"wp:term":[{"taxonomy":"tags","embeddable":true,"href":"https:\/\/www.libinst.ch\/it\/wp-json\/wp\/v2\/tag?post=29886"}],"curies":[{"name":"wp","href":"https:\/\/api.w.org\/{rel}","templated":true}]}}